{"id":204,"date":"2012-04-22T15:05:56","date_gmt":"2012-04-22T14:05:56","guid":{"rendered":"http:\/\/cpm-portugal.pt\/WP\/?p=204"},"modified":"2012-09-07T23:38:10","modified_gmt":"2012-09-07T22:38:10","slug":"assembleia-de-primavera","status":"publish","type":"post","link":"https:\/\/cpm-portugal.pt\/WP\/assembleia-de-primavera\/","title":{"rendered":"Assembleia de Primavera 2012"},"content":{"rendered":"<p><a href=\"https:\/\/cpm-portugal.pt\/WP\/assembleia-de-primavera\/thimg_1132\/\" rel=\"attachment wp-att-1507\"><img loading=\"lazy\" decoding=\"async\" class=\"alignleft  wp-image-1507\" src=\"https:\/\/cpm-portugal.pt\/WP\/wp-content\/uploads\/thIMG_1132-1024x682.jpg\" alt=\"\" width=\"550\" height=\"367\" srcset=\"https:\/\/cpm-portugal.pt\/WP\/wp-content\/uploads\/thIMG_1132-1024x682.jpg 1024w, https:\/\/cpm-portugal.pt\/WP\/wp-content\/uploads\/thIMG_1132-300x200.jpg 300w, https:\/\/cpm-portugal.pt\/WP\/wp-content\/uploads\/thIMG_1132.jpg 1728w\" sizes=\"(max-width: 550px) 100vw, 550px\" \/><\/a>Neste fim-de-semana dias 21 e 22 de Abril foi realizada a Assembleia de Primavera do CPM. Estiveram presentes os casais e assistentes respons\u00e1veis de cada diocese. Foi na diocese de Santar\u00e9m, no semin\u00e1rio diocesano.<br \/>\nNesta ocasi\u00e3o foi lan\u00e7ado este site renovado. O site antigo continua (por enquanto) disponivel <a href=\"http:\/\/cpm-portugal.pt\/antigo.htm\">aqui.<\/a><\/p>\n","protected":false},"excerpt":{"rendered":"<p>Neste fim-de-semana dias 21 e 22 de Abril foi realizada a Assembleia de Primavera do CPM. Estiveram presentes os casais e assistentes respons\u00e1veis de cada diocese. Foi na diocese de Santar\u00e9m, no semin\u00e1rio diocesano. Nesta ocasi\u00e3o foi lan\u00e7ado este site<span class=\"ellipsis\">&hellip;<\/span><\/p>\n<div class=\"read-more\"><a href=\"https:\/\/cpm-portugal.pt\/WP\/assembleia-de-primavera\/\">Ler mais &#8250;<\/a><\/div>\n<p><!-- end of .read-more --><\/p>\n","protected":false},"author":3772,"featured_media":1507,"comment_status":"closed","ping_status":"closed","sticky":false,"template":"","format":"standard","meta":{"footnotes":""},"categories":[7],"tags":[18,17,82],"class_list":["post-204","post","type-post","status-publish","format-standard","has-post-thumbnail","hentry","category-aconteceu","tag-18","tag-assembleia-da-primavera","tag-para-equipas"],"_links":{"self":[{"href":"https:\/\/cpm-portugal.pt\/WP\/wp-json\/wp\/v2\/posts\/204"}],"collection":[{"href":"https:\/\/cpm-portugal.pt\/WP\/wp-json\/wp\/v2\/posts"}],"about":[{"href":"https:\/\/cpm-portugal.pt\/WP\/wp-json\/wp\/v2\/types\/post"}],"author":[{"embeddable":true,"href":"https:\/\/cpm-portugal.pt\/WP\/wp-json\/wp\/v2\/users\/3772"}],"replies":[{"embeddable":true,"href":"https:\/\/cpm-portugal.pt\/WP\/wp-json\/wp\/v2\/comments?post=204"}],"version-history":[{"count":684,"href":"https:\/\/cpm-portugal.pt\/WP\/wp-json\/wp\/v2\/posts\/204\/revisions"}],"predecessor-version":[{"id":1804,"href":"https:\/\/cpm-portugal.pt\/WP\/wp-json\/wp\/v2\/posts\/204\/revisions\/1804"}],"wp:featuredmedia":[{"embeddable":true,"href":"https:\/\/cpm-portugal.pt\/WP\/wp-json\/wp\/v2\/media\/1507"}],"wp:attachment":[{"href":"https:\/\/cpm-portugal.pt\/WP\/wp-json\/wp\/v2\/media?parent=204"}],"wp:term":[{"taxonomy":"category","embeddable":true,"href":"https:\/\/cpm-portugal.pt\/WP\/wp-json\/wp\/v2\/categories?post=204"},{"taxonomy":"post_tag","embeddable":true,"href":"https:\/\/cpm-portugal.pt\/WP\/wp-json\/wp\/v2\/tags?post=204"}],"curies":[{"name":"wp","href":"https:\/\/api.w.org\/{rel}","templated":true}]}}