{"id":2249,"date":"2013-01-14T07:26:53","date_gmt":"2013-01-14T07:26:53","guid":{"rendered":"http:\/\/cpm-portugal.pt\/WP\/?p=2249"},"modified":"2013-01-14T07:26:53","modified_gmt":"2013-01-14T07:26:53","slug":"retiro-diocesano-leiria-fatima","status":"publish","type":"post","link":"https:\/\/cpm-portugal.pt\/WP\/retiro-diocesano-leiria-fatima\/","title":{"rendered":"Retiro Diocesano Leiria-F\u00e1tima"},"content":{"rendered":"<div id=\"attachment_2250\" style=\"width: 560px\" class=\"wp-caption alignright\"><a href=\"https:\/\/cpm-portugal.pt\/WP\/retiro-diocesano-leiria-fatima\/dscf3908\/\" rel=\"attachment wp-att-2250\"><img loading=\"lazy\" decoding=\"async\" aria-describedby=\"caption-attachment-2250\" class=\"size-large wp-image-2250\" title=\"RetiroDiocesanoLeiria2013\" src=\"https:\/\/cpm-portugal.pt\/WP\/wp-content\/uploads\/DSCF3908-1024x683.jpg\" alt=\"Foto Retiro Diocesano Leiria 2013\" width=\"550\" height=\"366\" srcset=\"https:\/\/cpm-portugal.pt\/WP\/wp-content\/uploads\/DSCF3908-1024x683.jpg 1024w, https:\/\/cpm-portugal.pt\/WP\/wp-content\/uploads\/DSCF3908-300x200.jpg 300w\" sizes=\"(max-width: 550px) 100vw, 550px\" \/><\/a><p id=\"caption-attachment-2250\" class=\"wp-caption-text\">Foto Retiro Diocesano Leiria 2013<\/p><\/div>\n<p style=\"text-align: left;\">Realizou-se no passado fim-de-semana, 5 e 6 de Janeiro de 2013, mais um retiro organizado pela dire\u00e7\u00e3o diocesana do cpm da diocese de leiria-F\u00e1tima. O tema escolhido, \u201cfam\u00edlia: um tesouro que se recebe, constr\u00f3i e partilha na f\u00e9\u201d, inspirou-se na nota pastoral do nosso bispo, D. Ant\u00f3nio Marto, para o presente ano.<br \/>\nParticiparam 18 casais das v\u00e1rias equipas de cpm da diocese, que, orientados pelo Padre Ant\u00f3nio Jorge, da diocese de Viseu, tiveram oportunidade de estarem e se encontrarem consigo mesmos, em casal ou pequeno grupo, num clima de escuta e introspe\u00e7\u00e3o.<br \/>\nMeditaram acerca do mist\u00e9rio do casamento, da fam\u00edlia; na constata\u00e7\u00e3o e aceita\u00e7\u00e3o de que o casamento n\u00e3o \u00e9 um momento nem um facto, mas sim uma constru\u00e7\u00e3o, inacabada, ao longo da vida a dois, em fam\u00edlia e em comunidade.<br \/>\nFoi um reconfortante tempo de medita\u00e7\u00e3o espiritual, ora\u00e7\u00e3o e reflex\u00e3o onde nos nutrimos de palavras de f\u00e9 e reencontr\u00e1mos for\u00e7a para melhor estar com os casais de noivos que se preparam para o matrim\u00f3nio.<br \/>\nA dire\u00e7\u00e3o diocesana<\/p>\n","protected":false},"excerpt":{"rendered":"<p>Realizou-se no passado fim-de-semana, 5 e 6 de Janeiro de 2013, mais um retiro organizado pela dire\u00e7\u00e3o diocesana do cpm da diocese de leiria-F\u00e1tima. O tema escolhido, \u201cfam\u00edlia: um tesouro que se recebe, constr\u00f3i e partilha na f\u00e9\u201d, inspirou-se na<span class=\"ellipsis\">&hellip;<\/span><\/p>\n<div class=\"read-more\"><a href=\"https:\/\/cpm-portugal.pt\/WP\/retiro-diocesano-leiria-fatima\/\">Ler mais &#8250;<\/a><\/div>\n<p><!-- end of .read-more --><\/p>\n","protected":false},"author":1,"featured_media":2250,"comment_status":"closed","ping_status":"closed","sticky":false,"template":"","format":"standard","meta":{"footnotes":""},"categories":[7,1],"tags":[22,19],"class_list":["post-2249","post","type-post","status-publish","format-standard","has-post-thumbnail","hentry","category-aconteceu","category-noticias","tag-leiria-fatima","tag-retiro"],"_links":{"self":[{"href":"https:\/\/cpm-portugal.pt\/WP\/wp-json\/wp\/v2\/posts\/2249"}],"collection":[{"href":"https:\/\/cpm-portugal.pt\/WP\/wp-json\/wp\/v2\/posts"}],"about":[{"href":"https:\/\/cpm-portugal.pt\/WP\/wp-json\/wp\/v2\/types\/post"}],"author":[{"embeddable":true,"href":"https:\/\/cpm-portugal.pt\/WP\/wp-json\/wp\/v2\/users\/1"}],"replies":[{"embeddable":true,"href":"https:\/\/cpm-portugal.pt\/WP\/wp-json\/wp\/v2\/comments?post=2249"}],"version-history":[{"count":3,"href":"https:\/\/cpm-portugal.pt\/WP\/wp-json\/wp\/v2\/posts\/2249\/revisions"}],"predecessor-version":[{"id":2253,"href":"https:\/\/cpm-portugal.pt\/WP\/wp-json\/wp\/v2\/posts\/2249\/revisions\/2253"}],"wp:featuredmedia":[{"embeddable":true,"href":"https:\/\/cpm-portugal.pt\/WP\/wp-json\/wp\/v2\/media\/2250"}],"wp:attachment":[{"href":"https:\/\/cpm-portugal.pt\/WP\/wp-json\/wp\/v2\/media?parent=2249"}],"wp:term":[{"taxonomy":"category","embeddable":true,"href":"https:\/\/cpm-portugal.pt\/WP\/wp-json\/wp\/v2\/categories?post=2249"},{"taxonomy":"post_tag","embeddable":true,"href":"https:\/\/cpm-portugal.pt\/WP\/wp-json\/wp\/v2\/tags?post=2249"}],"curies":[{"name":"wp","href":"https:\/\/api.w.org\/{rel}","templated":true}]}}