{"id":232,"date":"2011-03-15T18:04:23","date_gmt":"2011-03-15T18:04:23","guid":{"rendered":"http:\/\/cpm-portugal.pt\/WP\/?p=232"},"modified":"2012-04-21T17:10:44","modified_gmt":"2012-04-21T16:10:44","slug":"41o-encontro-peregrinacao-nacional-cpm","status":"publish","type":"post","link":"https:\/\/cpm-portugal.pt\/WP\/41o-encontro-peregrinacao-nacional-cpm\/","title":{"rendered":"41\u00ba Encontro Peregrina\u00e7\u00e3o Nacional CPM"},"content":{"rendered":"<p>\n\t\t<style type=\"text\/css\">\n\t\t\t#gallery-1 {\n\t\t\t\tmargin: auto;\n\t\t\t}\n\t\t\t#gallery-1 .gallery-item {\n\t\t\t\tfloat: left;\n\t\t\t\tmargin-top: 10px;\n\t\t\t\ttext-align: center;\n\t\t\t\twidth: 33%;\n\t\t\t}\n\t\t\t#gallery-1 img {\n\t\t\t\tborder: 2px solid #cfcfcf;\n\t\t\t}\n\t\t\t#gallery-1 .gallery-caption {\n\t\t\t\tmargin-left: 0;\n\t\t\t}\n\t\t\t\/* see gallery_shortcode() in wp-includes\/media.php *\/\n\t\t<\/style>\n\t\t<div id='gallery-1' class='gallery galleryid-232 gallery-columns-3 gallery-size-responsive-200'><dl class='gallery-item'>\n\t\t\t<dt class='gallery-icon landscape'>\n\t\t\t\t<a href='https:\/\/cpm-portugal.pt\/WP\/41o-encontro-peregrinacao-nacional-cpm\/epn2011_pr1\/'><img loading=\"lazy\" decoding=\"async\" width=\"200\" height=\"134\" src=\"https:\/\/cpm-portugal.pt\/WP\/wp-content\/uploads\/EPN2011_PR1.jpg\" class=\"attachment-responsive-200 size-responsive-200\" alt=\"\" srcset=\"https:\/\/cpm-portugal.pt\/WP\/wp-content\/uploads\/EPN2011_PR1.jpg 1246w, https:\/\/cpm-portugal.pt\/WP\/wp-content\/uploads\/EPN2011_PR1-300x200.jpg 300w, https:\/\/cpm-portugal.pt\/WP\/wp-content\/uploads\/EPN2011_PR1-1024x683.jpg 1024w\" sizes=\"(max-width: 200px) 100vw, 200px\" \/><\/a>\n\t\t\t<\/dt><\/dl><dl class='gallery-item'>\n\t\t\t<dt class='gallery-icon landscape'>\n\t\t\t\t<a href='https:\/\/cpm-portugal.pt\/WP\/41o-encontro-peregrinacao-nacional-cpm\/epn2011_pr2\/'><img loading=\"lazy\" decoding=\"async\" width=\"200\" height=\"134\" src=\"https:\/\/cpm-portugal.pt\/WP\/wp-content\/uploads\/EPN2011_PR2.jpg\" class=\"attachment-responsive-200 size-responsive-200\" alt=\"\" srcset=\"https:\/\/cpm-portugal.pt\/WP\/wp-content\/uploads\/EPN2011_PR2.jpg 1053w, https:\/\/cpm-portugal.pt\/WP\/wp-content\/uploads\/EPN2011_PR2-300x200.jpg 300w, https:\/\/cpm-portugal.pt\/WP\/wp-content\/uploads\/EPN2011_PR2-1024x684.jpg 1024w\" sizes=\"(max-width: 200px) 100vw, 200px\" \/><\/a>\n\t\t\t<\/dt><\/dl>\n\t\t\t<br style='clear: both' \/>\n\t\t<\/div>\nRealizou-se no passado fim de semana 12 e 13 de Mar\u00e7o, em F\u00e1tima o 41\u00ba Encontro-Peregrina\u00e7\u00e3o Nacional do CPM (Centros de Prepara\u00e7\u00e3o para o Matrim\u00f3nio), com a presen\u00e7a de cerca de 300 elementos pertencentes a este movimento da Igreja. O tema do encontro foi \u201cA atitude do casal Crist\u00e3o face ao dinheiro\u201d, tendo como oradores o Dr. Ant\u00f3nio Bag\u00e3o F\u00e9lix, o Padre Jorge Guarda e os casais Gra\u00e7a e Carlos Fernandes e Alexandra e D\u00e1rio S\u00e1 Guerreiro. Foi real\u00e7ada a import\u00e2ncia do \u2018Ser\u2019 em detrimento do \u2018Ter\u2019 e o mostrar disponibilidade para os outros como forma de caridade. Tamb\u00e9m foi abordada em diversas situa\u00e7\u00f5es a \u201ccrise de valores\u201d como impulsionadora da \u201ccrise financeira\u201d que atravessamos. Ficou no ar a esperan\u00e7a de um novo amanh\u00e3 baseado em valores fundamentais, tais como o amor, a solidariedade, a autenticidade e a amizade.<\/p>\n","protected":false},"excerpt":{"rendered":"<p>Realizou-se no passado fim de semana 12 e 13 de Mar\u00e7o, em F\u00e1tima o 41\u00ba Encontro-Peregrina\u00e7\u00e3o Nacional do CPM (Centros de Prepara\u00e7\u00e3o para o Matrim\u00f3nio), com a presen\u00e7a de cerca de 300 elementos pertencentes a este movimento da Igreja. O<span class=\"ellipsis\">&hellip;<\/span><\/p>\n<div class=\"read-more\"><a href=\"https:\/\/cpm-portugal.pt\/WP\/41o-encontro-peregrinacao-nacional-cpm\/\">Ler mais &#8250;<\/a><\/div>\n<p><!-- end of .read-more --><\/p>\n","protected":false},"author":1,"featured_media":0,"comment_status":"closed","ping_status":"closed","sticky":false,"template":"","format":"standard","meta":{"footnotes":""},"categories":[7,1],"tags":[],"class_list":["post-232","post","type-post","status-publish","format-standard","hentry","category-aconteceu","category-noticias"],"_links":{"self":[{"href":"https:\/\/cpm-portugal.pt\/WP\/wp-json\/wp\/v2\/posts\/232"}],"collection":[{"href":"https:\/\/cpm-portugal.pt\/WP\/wp-json\/wp\/v2\/posts"}],"about":[{"href":"https:\/\/cpm-portugal.pt\/WP\/wp-json\/wp\/v2\/types\/post"}],"author":[{"embeddable":true,"href":"https:\/\/cpm-portugal.pt\/WP\/wp-json\/wp\/v2\/users\/1"}],"replies":[{"embeddable":true,"href":"https:\/\/cpm-portugal.pt\/WP\/wp-json\/wp\/v2\/comments?post=232"}],"version-history":[{"count":5,"href":"https:\/\/cpm-portugal.pt\/WP\/wp-json\/wp\/v2\/posts\/232\/revisions"}],"predecessor-version":[{"id":924,"href":"https:\/\/cpm-portugal.pt\/WP\/wp-json\/wp\/v2\/posts\/232\/revisions\/924"}],"wp:attachment":[{"href":"https:\/\/cpm-portugal.pt\/WP\/wp-json\/wp\/v2\/media?parent=232"}],"wp:term":[{"taxonomy":"category","embeddable":true,"href":"https:\/\/cpm-portugal.pt\/WP\/wp-json\/wp\/v2\/categories?post=232"},{"taxonomy":"post_tag","embeddable":true,"href":"https:\/\/cpm-portugal.pt\/WP\/wp-json\/wp\/v2\/tags?post=232"}],"curies":[{"name":"wp","href":"https:\/\/api.w.org\/{rel}","templated":true}]}}