{"id":2710,"date":"2014-12-26T09:46:07","date_gmt":"2014-12-26T09:46:07","guid":{"rendered":"http:\/\/cpm-portugal.pt\/WP\/?p=2710"},"modified":"2016-11-03T17:58:29","modified_gmt":"2016-11-03T17:58:29","slug":"2o-enconro-nacional-de-leigos","status":"publish","type":"post","link":"https:\/\/cpm-portugal.pt\/WP\/2o-enconro-nacional-de-leigos\/","title":{"rendered":"2\u00ba Encontro Nacional de Leigos"},"content":{"rendered":"<p><a href=\"https:\/\/cpm-portugal.pt\/WP\/2o-enconro-nacional-de-leigos\/cnal2enl\/\" rel=\"attachment wp-att-2711\"><img loading=\"lazy\" decoding=\"async\" class=\"alignright size-medium wp-image-2711\" title=\"cnal2enl\" src=\"https:\/\/cpm-portugal.pt\/WP\/wp-content\/uploads\/cnal2enl-300x99.jpg\" alt=\"\" width=\"300\" height=\"99\" srcset=\"https:\/\/cpm-portugal.pt\/WP\/wp-content\/uploads\/cnal2enl-300x99.jpg 300w, https:\/\/cpm-portugal.pt\/WP\/wp-content\/uploads\/cnal2enl-1024x337.jpg 1024w, https:\/\/cpm-portugal.pt\/WP\/wp-content\/uploads\/cnal2enl.jpg 1600w\" sizes=\"(max-width: 300px) 100vw, 300px\" \/><\/a><br \/>\nA CNAL promove o segundo Encontro Nacional de Leigos, com o tema &#8220;Recolocar o Homem no centro da sociedade, do pensamento e da vida&#8221;. Ser\u00e1 no Porto a 24 de Janeiro de 2015.<br \/>\nPrograma e mais informa\u00e7\u00f5pes: http:\/\/www.cnal.pt\/index.php\/encontros-nacionais-de-leigos<\/p>\n","protected":false},"excerpt":{"rendered":"<p>A CNAL promove o segundo Encontro Nacional de Leigos, com o tema &#8220;Recolocar o Homem no centro da sociedade, do pensamento e da vida&#8221;. Ser\u00e1 no Porto a 24 de Janeiro de 2015. Programa e mais informa\u00e7\u00f5pes: http:\/\/www.cnal.pt\/index.php\/encontros-nacionais-de-leigos<\/p>\n","protected":false},"author":1,"featured_media":0,"comment_status":"closed","ping_status":"closed","sticky":false,"template":"","format":"standard","meta":{"footnotes":""},"categories":[13,8],"tags":[29,25,88,26,38],"class_list":["post-2710","post","type-post","status-publish","format-standard","hentry","category-expirado","category-vai-acontecer","tag-29","tag-cnal","tag-homem","tag-leigos","tag-porto"],"_links":{"self":[{"href":"https:\/\/cpm-portugal.pt\/WP\/wp-json\/wp\/v2\/posts\/2710"}],"collection":[{"href":"https:\/\/cpm-portugal.pt\/WP\/wp-json\/wp\/v2\/posts"}],"about":[{"href":"https:\/\/cpm-portugal.pt\/WP\/wp-json\/wp\/v2\/types\/post"}],"author":[{"embeddable":true,"href":"https:\/\/cpm-portugal.pt\/WP\/wp-json\/wp\/v2\/users\/1"}],"replies":[{"embeddable":true,"href":"https:\/\/cpm-portugal.pt\/WP\/wp-json\/wp\/v2\/comments?post=2710"}],"version-history":[{"count":4,"href":"https:\/\/cpm-portugal.pt\/WP\/wp-json\/wp\/v2\/posts\/2710\/revisions"}],"predecessor-version":[{"id":3314,"href":"https:\/\/cpm-portugal.pt\/WP\/wp-json\/wp\/v2\/posts\/2710\/revisions\/3314"}],"wp:attachment":[{"href":"https:\/\/cpm-portugal.pt\/WP\/wp-json\/wp\/v2\/media?parent=2710"}],"wp:term":[{"taxonomy":"category","embeddable":true,"href":"https:\/\/cpm-portugal.pt\/WP\/wp-json\/wp\/v2\/categories?post=2710"},{"taxonomy":"post_tag","embeddable":true,"href":"https:\/\/cpm-portugal.pt\/WP\/wp-json\/wp\/v2\/tags?post=2710"}],"curies":[{"name":"wp","href":"https:\/\/api.w.org\/{rel}","templated":true}]}}