{"id":3842,"date":"2018-01-13T09:15:03","date_gmt":"2018-01-13T09:15:03","guid":{"rendered":"http:\/\/cpm-portugal.pt\/WP\/?p=3842"},"modified":"2018-02-12T09:15:27","modified_gmt":"2018-02-12T09:15:27","slug":"peregrinacao-franciscana","status":"publish","type":"post","link":"https:\/\/cpm-portugal.pt\/WP\/peregrinacao-franciscana\/","title":{"rendered":"Peregrina\u00e7\u00e3o Franciscana"},"content":{"rendered":"<table>\n<tbody>\n<tr>\n<td><img loading=\"lazy\" decoding=\"async\" class=\"alignnone wp-image-3843\" src=\"https:\/\/cpm-portugal.pt\/WP\/wp-content\/uploads\/convite-150x300.jpg\" alt=\"\" width=\"191\" height=\"382\" srcset=\"https:\/\/cpm-portugal.pt\/WP\/wp-content\/uploads\/convite-150x299.jpg 150w, https:\/\/cpm-portugal.pt\/WP\/wp-content\/uploads\/convite-100x199.jpg 100w, https:\/\/cpm-portugal.pt\/WP\/wp-content\/uploads\/convite-200x399.jpg 200w, https:\/\/cpm-portugal.pt\/WP\/wp-content\/uploads\/convite-300x598.jpg 300w, https:\/\/cpm-portugal.pt\/WP\/wp-content\/uploads\/convite.jpg 337w\" sizes=\"(max-width: 191px) 100vw, 191px\" \/><\/td>\n<td>Depois de em 2017 termos contado com a Ir.Maria Am\u00e9lia Costa no nosso 47\u00baEPN, recebemos o convite extens\u00edvel a toda a fam\u00edlia CPM para participar na Peregrina\u00e7\u00e3o da Fam\u00edlia Franciscana.<br \/>\n<a href=\"https:\/\/cpm-portugal.pt\/WP\/wp-content\/uploads\/convite.jpg\">Aqui fica o convite<\/a>\u00a0para todos os que, tocados pela mensagem franciscana, entendam por bem aderir.<\/td>\n<\/tr>\n<\/tbody>\n<\/table>\n","protected":false},"excerpt":{"rendered":"<p>Depois de em 2017 termos contado com a Ir.Maria Am\u00e9lia Costa no nosso 47\u00baEPN, recebemos o convite extens\u00edvel a toda a fam\u00edlia CPM para participar na Peregrina\u00e7\u00e3o da Fam\u00edlia Franciscana. Aqui fica o convite\u00a0para todos os que, tocados pela mensagem<span class=\"ellipsis\">&hellip;<\/span><\/p>\n<div class=\"read-more\"><a href=\"https:\/\/cpm-portugal.pt\/WP\/peregrinacao-franciscana\/\">Ler mais &#8250;<\/a><\/div>\n<p><!-- end of .read-more --><\/p>\n","protected":false},"author":3772,"featured_media":0,"comment_status":"closed","ping_status":"closed","sticky":false,"template":"","format":"standard","meta":{"footnotes":""},"categories":[1,8],"tags":[],"class_list":["post-3842","post","type-post","status-publish","format-standard","hentry","category-noticias","category-vai-acontecer"],"_links":{"self":[{"href":"https:\/\/cpm-portugal.pt\/WP\/wp-json\/wp\/v2\/posts\/3842"}],"collection":[{"href":"https:\/\/cpm-portugal.pt\/WP\/wp-json\/wp\/v2\/posts"}],"about":[{"href":"https:\/\/cpm-portugal.pt\/WP\/wp-json\/wp\/v2\/types\/post"}],"author":[{"embeddable":true,"href":"https:\/\/cpm-portugal.pt\/WP\/wp-json\/wp\/v2\/users\/3772"}],"replies":[{"embeddable":true,"href":"https:\/\/cpm-portugal.pt\/WP\/wp-json\/wp\/v2\/comments?post=3842"}],"version-history":[{"count":1,"href":"https:\/\/cpm-portugal.pt\/WP\/wp-json\/wp\/v2\/posts\/3842\/revisions"}],"predecessor-version":[{"id":3844,"href":"https:\/\/cpm-portugal.pt\/WP\/wp-json\/wp\/v2\/posts\/3842\/revisions\/3844"}],"wp:attachment":[{"href":"https:\/\/cpm-portugal.pt\/WP\/wp-json\/wp\/v2\/media?parent=3842"}],"wp:term":[{"taxonomy":"category","embeddable":true,"href":"https:\/\/cpm-portugal.pt\/WP\/wp-json\/wp\/v2\/categories?post=3842"},{"taxonomy":"post_tag","embeddable":true,"href":"https:\/\/cpm-portugal.pt\/WP\/wp-json\/wp\/v2\/tags?post=3842"}],"curies":[{"name":"wp","href":"https:\/\/api.w.org\/{rel}","templated":true}]}}