{"id":3850,"date":"2018-02-06T09:39:39","date_gmt":"2018-02-06T09:39:39","guid":{"rendered":"http:\/\/cpm-portugal.pt\/WP\/?p=3850"},"modified":"2018-02-12T09:39:55","modified_gmt":"2018-02-12T09:39:55","slug":"nota-para-a-rececao-do-capitulo-viii-da-exortacao-apostolica-amoris-laetitia","status":"publish","type":"post","link":"https:\/\/cpm-portugal.pt\/WP\/nota-para-a-rececao-do-capitulo-viii-da-exortacao-apostolica-amoris-laetitia\/","title":{"rendered":"Nota para a rece\u00e7\u00e3o do cap\u00edtulo VIII da exorta\u00e7\u00e3o apost\u00f3lica &#8216;Amoris Laetitia&#8217;"},"content":{"rendered":"<p>O Patriarcado de Lisboa publicou a Nota para a\u00a0rece\u00e7\u00e3o do cap\u00edtulo VIII da exorta\u00e7\u00e3o apost\u00f3lica &#8216;Amoris Laetitia&#8217;<\/p>\n","protected":false},"excerpt":{"rendered":"<p>O Patriarcado de Lisboa publicou a Nota para a\u00a0rece\u00e7\u00e3o do cap\u00edtulo VIII da exorta\u00e7\u00e3o apost\u00f3lica &#8216;Amoris Laetitia&#8217;<\/p>\n","protected":false},"author":3772,"featured_media":0,"comment_status":"closed","ping_status":"closed","sticky":false,"template":"","format":"standard","meta":{"footnotes":""},"categories":[7,1],"tags":[],"class_list":["post-3850","post","type-post","status-publish","format-standard","hentry","category-aconteceu","category-noticias"],"_links":{"self":[{"href":"https:\/\/cpm-portugal.pt\/WP\/wp-json\/wp\/v2\/posts\/3850"}],"collection":[{"href":"https:\/\/cpm-portugal.pt\/WP\/wp-json\/wp\/v2\/posts"}],"about":[{"href":"https:\/\/cpm-portugal.pt\/WP\/wp-json\/wp\/v2\/types\/post"}],"author":[{"embeddable":true,"href":"https:\/\/cpm-portugal.pt\/WP\/wp-json\/wp\/v2\/users\/3772"}],"replies":[{"embeddable":true,"href":"https:\/\/cpm-portugal.pt\/WP\/wp-json\/wp\/v2\/comments?post=3850"}],"version-history":[{"count":1,"href":"https:\/\/cpm-portugal.pt\/WP\/wp-json\/wp\/v2\/posts\/3850\/revisions"}],"predecessor-version":[{"id":3851,"href":"https:\/\/cpm-portugal.pt\/WP\/wp-json\/wp\/v2\/posts\/3850\/revisions\/3851"}],"wp:attachment":[{"href":"https:\/\/cpm-portugal.pt\/WP\/wp-json\/wp\/v2\/media?parent=3850"}],"wp:term":[{"taxonomy":"category","embeddable":true,"href":"https:\/\/cpm-portugal.pt\/WP\/wp-json\/wp\/v2\/categories?post=3850"},{"taxonomy":"post_tag","embeddable":true,"href":"https:\/\/cpm-portugal.pt\/WP\/wp-json\/wp\/v2\/tags?post=3850"}],"curies":[{"name":"wp","href":"https:\/\/api.w.org\/{rel}","templated":true}]}}